[{"@context":"https:\/\/schema.org\/","@type":"Article","@id":"https:\/\/www.fawo.cz\/kocarek-pro-dite\/#Article","mainEntityOfPage":"https:\/\/www.fawo.cz\/kocarek-pro-dite\/","headline":"Ko\u010d\u00e1rek pro d\u00edt\u011b","name":"Ko\u010d\u00e1rek pro d\u00edt\u011b","description":"Toto voz\u00edtko, lze-li to tak nazvat, bude pro budouc\u00ed matku ten nejd\u016fle\u017eit\u011bj\u0161\u00ed p\u0159edm\u011bt. V n\u011bm bude mal\u00e9ho nebo malou vozit&hellip;","datePublished":"2022-10-14","dateModified":"2023-05-03","author":{"@type":"Person","@id":"https:\/\/www.fawo.cz\/author\/#Person","name":"","url":"https:\/\/www.fawo.cz\/author\/","identifier":1,"image":{"@type":"ImageObject","@id":"https:\/\/secure.gravatar.com\/avatar\/2dfb47fe8ef5e1795dc8fdf9fc01f7f6e0de0c5b588d6a35abd2f00b6a65d2be?s=96&d=mm&r=g","url":"https:\/\/secure.gravatar.com\/avatar\/2dfb47fe8ef5e1795dc8fdf9fc01f7f6e0de0c5b588d6a35abd2f00b6a65d2be?s=96&d=mm&r=g","height":96,"width":96}},"publisher":{"@type":"Organization","name":"fawo.cz","logo":{"@type":"ImageObject","@id":"\/logo.png","url":"\/logo.png","width":600,"height":60}},"image":{"@type":"ImageObject","@id":"https:\/\/www.fawo.cz\/wp-content\/uploads\/baby_carriage_nature_water.jpg","url":"https:\/\/www.fawo.cz\/wp-content\/uploads\/baby_carriage_nature_water.jpg","height":0,"width":0},"url":"https:\/\/www.fawo.cz\/kocarek-pro-dite\/","about":["Produkty"],"wordCount":433,"articleBody":"          Toto voz\u00edtko, lze-li to tak nazvat, bude pro budouc\u00ed matku ten nejd\u016fle\u017eit\u011bj\u0161\u00ed p\u0159edm\u011bt. V n\u011bm bude mal\u00e9ho nebo malou vozit k l\u00e9ka\u0159i, na n\u00e1kupy, do parku, a je\u0161t\u011b v\u0161ude jinde. A je t\u00edm p\u00e1dem jasn\u00e9, \u017ee v tomto p\u0159\u00edpad\u011b mus\u00ed b\u00fdt ko\u010d\u00e1r to nejlep\u0161\u00ed na sv\u011bt\u011b. Pohodln\u00fd pro miminko a snadno ovladateln\u00fd pro matku. O bezpe\u010d\u00ed d\u00edt\u011bte se snad ani nem\u00e1 cenu zmi\u0148ovat. Vzhled ko\u010d\u00e1rku ov\u0161em bude tak\u00e9 na jednom z \u010deln\u00edch m\u00edst. I kdy\u017e, \u0159ekn\u011bme si to up\u0159\u00edmn\u011b, ve star\u00fdch ko\u010d\u00e1rc\u00edch pro d\u011bti je tak\u00e9 jist\u00e1 romantika a kr\u00e1sa. Pravda, o n\u011bjak\u00fdch bezpe\u010dnostn\u00edch prvc\u00edch se mohlo takov\u00fdmto voz\u00edtk\u016fm jen zd\u00e1t. N\u011bjak\u00e1 zm\u011bna polohy rukojeti se v\u016fbec ne\u0159e\u0161ila a v\u011bt\u0161inou si byly ko\u010d\u00e1rky v\u0161echny podobn\u00e9. Sta\u0159\u00ed jist\u011b pamatuj\u00ed, a proto jim sem d\u00e1m fotografii jednoho takov\u00e9ho star\u00e9ho kusu jen tak pro vzpom\u00ednku a pro radost. Velmi by mne ov\u0161em zaj\u00edmalo, jak by se ostatn\u00ed na takovou maminku s t\u00edmto ko\u010d\u00e1rkem d\u00edvali ostatn\u00ed. Jist\u011b by to byla dobr\u00e1 recese, ale dnes je p\u0159ece jen bezpe\u010d\u00ed potomka na prvn\u00edm m\u00edst\u011b. A ty star\u00e9 \u201erachotiny\u201c zrovna bezpe\u010dn\u00e9 nebyly, i kdy\u017e v nich byly odchov\u00e1ny cel\u00e9 generace. Nu\u017ee, ale zp\u011bt k modern\u00edm ko\u010d\u00e1rk\u016fm. Ty mus\u00ed splnit obrovsk\u00e9 n\u00e1roky na ji\u017e n\u011bkolikr\u00e1te zm\u00edn\u011bnou bezpe\u010dnost. Proch\u00e1z\u00ed proto slo\u017eit\u00fdmi testy a pokud neprojdou, nesm\u00ed do prodeje. D\u00e1le mus\u00ed b\u00fdt voz\u00edtko pohodln\u00e9 pro matku, jak ji\u017e tak\u00e9 zm\u00edn\u011bno, a hlavn\u011b nesm\u00ed b\u00fdt drah\u00e9 tak, \u017ee by pak nebylo na j\u00eddlo. Takov\u00fdch ko\u010d\u00e1rk\u016f nen\u00ed mnoho a ko\u010d\u00e1rek riko nuno je jen jedn\u00edm z nich. Spl\u0148uje v\u0161echny n\u00e1ro\u010dn\u00e9 normy, a nav\u00edc je k ovl\u00e1d\u00e1n\u00ed velmi snadn\u00fd. M\u00e1 spoustu mo\u017enost\u00ed nastaven\u00ed, tak\u017ee maminka si m\u016f\u017ee vlastn\u011b cel\u00fd ko\u010d\u00e1rek uzp\u016fsobit dle sv\u00fdch pot\u0159eb. To znamen\u00e1, \u017ee pro ni bude op\u011bt o n\u011bco lep\u0161\u00ed, ne\u017eli ko\u010d\u00e1r, kter\u00fd tyto mo\u017enosti nastaven\u00ed nem\u00e1. Pokud i vy \u010dek\u00e1te rodinu a zat\u00edm st\u00e1le netu\u0161\u00edte, jak\u00fd ko\u010d\u00e1rek vybrat, tak v\u00e1m v\u0159ele doporu\u010duji kliknut\u00ed na modr\u00fd odkaz v\u00fd\u0161e. Uvid\u00edte, \u017ee toho nebudete litovat.                                                                                                                                                                                                                                                                                                                                                                                                   "},{"@context":"https:\/\/schema.org\/","@type":"BreadcrumbList","itemListElement":[{"@type":"ListItem","position":1,"name":"Ko\u010d\u00e1rek pro d\u00edt\u011b","item":"https:\/\/www.fawo.cz\/kocarek-pro-dite\/#breadcrumbitem"}]}]