[{"@context":"https:\/\/schema.org\/","@type":"Article","@id":"https:\/\/www.fawo.cz\/moderni-a-pritom-levne-ubytovani-v-male-moravce\/#Article","mainEntityOfPage":"https:\/\/www.fawo.cz\/moderni-a-pritom-levne-ubytovani-v-male-moravce\/","headline":"Modern\u00ed a p\u0159itom levn\u00e9 ubytov\u00e1n\u00ed v Mal\u00e9 Mor\u00e1vce.","name":"Modern\u00ed a p\u0159itom levn\u00e9 ubytov\u00e1n\u00ed v Mal\u00e9 Mor\u00e1vce.","description":"Hal\u00f3, hal\u00f3! V prodeji jsou je\u0161t\u011b voln\u00e9 ubytovac\u00ed kapacity v Mal\u00e9 Mor\u00e1vce. Hal\u00f3, hal\u00f3! Levn\u00e9 ubytov\u00e1n\u00ed v Mal\u00e9 Mor\u00e1vce. Sly\u0161\u00edte&hellip;","datePublished":"2022-09-18","dateModified":"2023-05-03","author":{"@type":"Person","@id":"https:\/\/www.fawo.cz\/author\/#Person","name":"","url":"https:\/\/www.fawo.cz\/author\/","identifier":1,"image":{"@type":"ImageObject","@id":"https:\/\/secure.gravatar.com\/avatar\/2dfb47fe8ef5e1795dc8fdf9fc01f7f6e0de0c5b588d6a35abd2f00b6a65d2be?s=96&d=mm&r=g","url":"https:\/\/secure.gravatar.com\/avatar\/2dfb47fe8ef5e1795dc8fdf9fc01f7f6e0de0c5b588d6a35abd2f00b6a65d2be?s=96&d=mm&r=g","height":96,"width":96}},"publisher":{"@type":"Organization","name":"fawo.cz","logo":{"@type":"ImageObject","@id":"\/logo.png","url":"\/logo.png","width":600,"height":60}},"image":{"@type":"ImageObject","@id":"https:\/\/www.fawo.cz\/wp-content\/uploads\/jeseniky-ge7dbe8c2b_640.jpg","url":"https:\/\/www.fawo.cz\/wp-content\/uploads\/jeseniky-ge7dbe8c2b_640.jpg","height":0,"width":0},"url":"https:\/\/www.fawo.cz\/moderni-a-pritom-levne-ubytovani-v-male-moravce\/","about":["Spole\u010dnosti"],"wordCount":402,"articleBody":"   Hal\u00f3, hal\u00f3! V prodeji jsou je\u0161t\u011b voln\u00e9 ubytovac\u00ed kapacity v Mal\u00e9 Mor\u00e1vce. Hal\u00f3, hal\u00f3! Levn\u00e9 ubytov\u00e1n\u00ed v Mal\u00e9 Mor\u00e1vce. Sly\u0161\u00edte to vol\u00e1n\u00ed? Sh\u00e1n\u00edte dovolenou  http:\/\/www.kovotour.cz\/10000-kc-ihned-na-vasi-letni-dovolenou\/ s levn\u00fdm ubytov\u00e1n\u00edm a p\u0159itom v kr\u00e1sn\u00e9m prost\u0159ed\u00ed Jesen\u00edk\u016f? Tak jste tady spr\u00e1vn\u011b. Jesen\u00edky v\u00e1m cht\u011bj\u00ed uk\u00e1zat svoje kouzeln\u00e9 podzimn\u00ed scen\u00e9rie pln\u00e9 barev. V Mal\u00e9 Mor\u00e1vce je mo\u017en\u00e9 z\u00edskat levn\u00e9 ubytov\u00e1n\u00ed a vyr\u00e1\u017eet na v\u00fdlety do okol\u00ed. A\u0165 u\u017e p\u011b\u0161ky, nebo na kole. Vyberete si n\u011bkterou z mnoha turistick\u00fdch tras, nebo cyklotras, kter\u00e1 bude nejl\u00e9pe odpov\u00eddat va\u0161\u00ed fyzick\u00e9 zdatnosti, a m\u016f\u017eete vyrazit.Tak\u00e9 se m\u016f\u017eete p\u0159ibl\u00ed\u017eit autem k t\u011bm nejv\u011bt\u0161\u00edm zaj\u00edmavostem Jesen\u00edk\u016f a nav\u0161t\u00edvit turistick\u00e9 perly jako nejvy\u0161\u0161\u00ed horu Prad\u011bd, Keprn\u00edk a v\u0159esovou stud\u00e1nku, \u0160er\u00e1k, Mechov\u00e9 jez\u00edrko, nebo rozhlednu Zlat\u00fd vrch. Mo\u017enost\u00ed je tu cel\u00e1 \u0159ada a nebude v\u016fbec snadn\u00e9 vybrat si ty lokality, kter\u00e9 stihnete nav\u0161t\u00edvit b\u011bhem va\u0161eho pobytu. Modern\u00ed ubytov\u00e1n\u00ed v apartm\u00e1nech Max v\u00e1m dop\u0159eje pohodl\u00ed a soukrom\u00ed. Ka\u017ed\u00fd apartm\u00e1n m\u00e1 vlastn\u00ed vchod a p\u0159\u00edzemn\u00ed apartm\u00e1ny jsou bezbari\u00e9rov\u00e9. Ob\u00fdvac\u00ed pokoj je vybaven\u00fd sedac\u00ed soupravou a televiz\u00ed, lo\u017enice je \u010dty\u0159l\u016f\u017ekov\u00e1. Man\u017eelsk\u00e1 postel a dv\u011b samostatn\u00e1 l\u016f\u017eka jsou ide\u00e1ln\u00ed pro rodinu se dv\u011bma d\u011btmi. V kuchy\u0148sk\u00e9m kout\u011b s lednic\u00ed, varnou deskou, mikrovlnn\u00e1 trouba a k\u00e1vovar si m\u016f\u017eete p\u0159ipravit sn\u00eddan\u011b, ale tak\u00e9 tepl\u00e9 ob\u011bdy, nebo ve\u010de\u0159e. U ka\u017ed\u00e9ho apartm\u00e1nu je tak\u00e9 terasa se zahradn\u00edm n\u00e1bytkem, nav\u00edc k apartm\u00e1n\u016fm n\u00e1le\u017e\u00ed zahrada. V zahrad\u011b si m\u016f\u017eete ud\u011blat p\u0159\u00edjemn\u00e9 odpoledne s grilov\u00e1n\u00edm na m\u00edstn\u00edm grilu, nebo op\u00e9ct \u0161pek\u00e1\u010dky na p\u0159ipraven\u00e9m ohni\u0161ti. Pro d\u011bti je zde d\u011btsk\u00fd koutek, tak\u017ee se rozhodn\u011b nudit nebudou. Kola uschov\u00e1te pod p\u0159\u00edst\u0159e\u0161ek, kter\u00fd slou\u017e\u00ed v zim\u011b pro \u00faschovu ly\u017e\u00ed. Apartm\u00e1ny Max jsou vhodn\u00e9 i pro rodiny s d\u011btmi, ale tak\u00e9 pro lidi s pohybov\u00fdm handicapem, proto\u017ee v\u0161echno apartm\u00e1ny v p\u0159\u00edzem\u00ed maj\u00ed bezbari\u00e9rov\u00fd p\u0159\u00edstup.                                                                                                                                                                                                                                                                                                                                                                                                  "},{"@context":"https:\/\/schema.org\/","@type":"BreadcrumbList","itemListElement":[{"@type":"ListItem","position":1,"name":"Modern\u00ed a p\u0159itom levn\u00e9 ubytov\u00e1n\u00ed v Mal\u00e9 Mor\u00e1vce.","item":"https:\/\/www.fawo.cz\/moderni-a-pritom-levne-ubytovani-v-male-moravce\/#breadcrumbitem"}]}]