[{"@context":"https:\/\/schema.org\/","@type":"Blog","@id":"https:\/\/www.fawo.cz#Blog","headline":"Fawo","description":"\nNa na\u0161em webu n\u00e1m jde o to, aby byli v\u0161ichni, kdo k n\u00e1m zav\u00edtaj\u00ed, n\u00e1le\u017eit\u011b uspokojeni. A proto m\u016f\u017eete v\u011b\u0159it tomu, a\u017e ani vy odsud neodejdete zklaman\u00ed.","url":"https:\/\/www.fawo.cz","hasPart":[{"@type":"Article","@id":"https:\/\/www.fawo.cz\/zeny-o-sebe-musi-pecovat\/","headline":"\u017deny o sebe mus\u00ed pe\u010dovat","url":"https:\/\/www.fawo.cz\/zeny-o-sebe-musi-pecovat\/","datePublished":"2024-08-30","dateModified":"2024-08-30","mainEntityOfPage":"https:\/\/www.fawo.cz\/zeny-o-sebe-musi-pecovat\/","author":{"@type":"Person","@id":"https:\/\/www.fawo.cz\/author\/#Person","name":"","url":"https:\/\/www.fawo.cz\/author\/","identifier":1,"image":{"@type":"ImageObject","@id":"https:\/\/secure.gravatar.com\/avatar\/2dfb47fe8ef5e1795dc8fdf9fc01f7f6e0de0c5b588d6a35abd2f00b6a65d2be?s=96&d=mm&r=g","url":"https:\/\/secure.gravatar.com\/avatar\/2dfb47fe8ef5e1795dc8fdf9fc01f7f6e0de0c5b588d6a35abd2f00b6a65d2be?s=96&d=mm&r=g","height":96,"width":96}},"publisher":{"@type":"Organization","name":"fawo.cz","logo":{"@type":"ImageObject","@id":"\/logo.png","url":"\/logo.png","width":600,"height":60}},"image":{"@type":"ImageObject","@id":"https:\/\/www.fawo.cz\/wp-content\/uploads\/istockphoto-1339228907-612x612_2.jpg","url":"https:\/\/www.fawo.cz\/wp-content\/uploads\/istockphoto-1339228907-612x612_2.jpg","height":0,"width":0},"wordCount":531,"keywords":null},{"@type":"Article","@id":"https:\/\/www.fawo.cz\/zahrada-jako-chovna-louka\/","headline":"Zahrada jako chovn\u00e1 louka","url":"https:\/\/www.fawo.cz\/zahrada-jako-chovna-louka\/","datePublished":"2024-08-29","dateModified":"2024-08-29","mainEntityOfPage":"https:\/\/www.fawo.cz\/zahrada-jako-chovna-louka\/","author":{"@type":"Person","@id":"https:\/\/www.fawo.cz\/author\/#Person","name":"","url":"https:\/\/www.fawo.cz\/author\/","identifier":1,"image":{"@type":"ImageObject","@id":"https:\/\/secure.gravatar.com\/avatar\/2dfb47fe8ef5e1795dc8fdf9fc01f7f6e0de0c5b588d6a35abd2f00b6a65d2be?s=96&d=mm&r=g","url":"https:\/\/secure.gravatar.com\/avatar\/2dfb47fe8ef5e1795dc8fdf9fc01f7f6e0de0c5b588d6a35abd2f00b6a65d2be?s=96&d=mm&r=g","height":96,"width":96}},"publisher":{"@type":"Organization","name":"fawo.cz","logo":{"@type":"ImageObject","@id":"\/logo.png","url":"\/logo.png","width":600,"height":60}},"image":{"@type":"ImageObject","@id":"https:\/\/www.fawo.cz\/wp-content\/uploads\/sheep-5566602_640.jpg","url":"https:\/\/www.fawo.cz\/wp-content\/uploads\/sheep-5566602_640.jpg","height":0,"width":0},"wordCount":568,"keywords":null},{"@type":"Article","@id":"https:\/\/www.fawo.cz\/inteligentni-zena\/","headline":"Inteligentn\u00ed \u017eena","url":"https:\/\/www.fawo.cz\/inteligentni-zena\/","datePublished":"2024-06-30","dateModified":"2024-06-30","mainEntityOfPage":"https:\/\/www.fawo.cz\/inteligentni-zena\/","author":{"@type":"Person","@id":"https:\/\/www.fawo.cz\/author\/#Person","name":"","url":"https:\/\/www.fawo.cz\/author\/","identifier":1,"image":{"@type":"ImageObject","@id":"https:\/\/secure.gravatar.com\/avatar\/2dfb47fe8ef5e1795dc8fdf9fc01f7f6e0de0c5b588d6a35abd2f00b6a65d2be?s=96&d=mm&r=g","url":"https:\/\/secure.gravatar.com\/avatar\/2dfb47fe8ef5e1795dc8fdf9fc01f7f6e0de0c5b588d6a35abd2f00b6a65d2be?s=96&d=mm&r=g","height":96,"width":96}},"publisher":{"@type":"Organization","name":"fawo.cz","logo":{"@type":"ImageObject","@id":"\/logo.png","url":"\/logo.png","width":600,"height":60}},"image":{"@type":"ImageObject","@id":"https:\/\/www.fawo.cz\/wp-content\/uploads\/woman-731894_960_720_4.jpg","url":"https:\/\/www.fawo.cz\/wp-content\/uploads\/woman-731894_960_720_4.jpg","height":0,"width":0},"wordCount":592,"keywords":null},{"@type":"Article","@id":"https:\/\/www.fawo.cz\/mel-by-byt-na-kazde-zahrade-bazen\/","headline":"M\u011bl by b\u00fdt na ka\u017ed\u00e9 zahrad\u011b baz\u00e9n?","url":"https:\/\/www.fawo.cz\/mel-by-byt-na-kazde-zahrade-bazen\/","datePublished":"2024-06-30","dateModified":"2024-06-30","mainEntityOfPage":"https:\/\/www.fawo.cz\/mel-by-byt-na-kazde-zahrade-bazen\/","author":{"@type":"Person","@id":"https:\/\/www.fawo.cz\/author\/#Person","name":"","url":"https:\/\/www.fawo.cz\/author\/","identifier":1,"image":{"@type":"ImageObject","@id":"https:\/\/secure.gravatar.com\/avatar\/2dfb47fe8ef5e1795dc8fdf9fc01f7f6e0de0c5b588d6a35abd2f00b6a65d2be?s=96&d=mm&r=g","url":"https:\/\/secure.gravatar.com\/avatar\/2dfb47fe8ef5e1795dc8fdf9fc01f7f6e0de0c5b588d6a35abd2f00b6a65d2be?s=96&d=mm&r=g","height":96,"width":96}},"publisher":{"@type":"Organization","name":"fawo.cz","logo":{"@type":"ImageObject","@id":"\/logo.png","url":"\/logo.png","width":600,"height":60}},"image":{"@type":"ImageObject","@id":"https:\/\/www.fawo.cz\/wp-content\/uploads\/bazen2_10_7.png","url":"https:\/\/www.fawo.cz\/wp-content\/uploads\/bazen2_10_7.png","height":0,"width":0},"wordCount":577,"keywords":null},{"@type":"Article","@id":"https:\/\/www.fawo.cz\/finance-na-bydleni\/","headline":"Finance na bydlen\u00ed","url":"https:\/\/www.fawo.cz\/finance-na-bydleni\/","datePublished":"2024-06-15","dateModified":"2024-06-15","mainEntityOfPage":"https:\/\/www.fawo.cz\/finance-na-bydleni\/","author":{"@type":"Person","@id":"https:\/\/www.fawo.cz\/author\/#Person","name":"","url":"https:\/\/www.fawo.cz\/author\/","identifier":1,"image":{"@type":"ImageObject","@id":"https:\/\/secure.gravatar.com\/avatar\/2dfb47fe8ef5e1795dc8fdf9fc01f7f6e0de0c5b588d6a35abd2f00b6a65d2be?s=96&d=mm&r=g","url":"https:\/\/secure.gravatar.com\/avatar\/2dfb47fe8ef5e1795dc8fdf9fc01f7f6e0de0c5b588d6a35abd2f00b6a65d2be?s=96&d=mm&r=g","height":96,"width":96}},"publisher":{"@type":"Organization","name":"fawo.cz","logo":{"@type":"ImageObject","@id":"\/logo.png","url":"\/logo.png","width":600,"height":60}},"image":{"@type":"ImageObject","@id":"https:\/\/www.fawo.cz\/wp-content\/uploads\/nature-6862612_640.jpg","url":"https:\/\/www.fawo.cz\/wp-content\/uploads\/nature-6862612_640.jpg","height":0,"width":0},"wordCount":621,"keywords":null},{"@type":"Article","@id":"https:\/\/www.fawo.cz\/na-erekcich-zalezi\/","headline":"Na erekc\u00edch z\u00e1le\u017e\u00ed","url":"https:\/\/www.fawo.cz\/na-erekcich-zalezi\/","datePublished":"2024-05-27","dateModified":"2024-05-27","mainEntityOfPage":"https:\/\/www.fawo.cz\/na-erekcich-zalezi\/","author":{"@type":"Person","@id":"https:\/\/www.fawo.cz\/author\/#Person","name":"","url":"https:\/\/www.fawo.cz\/author\/","identifier":1,"image":{"@type":"ImageObject","@id":"https:\/\/secure.gravatar.com\/avatar\/2dfb47fe8ef5e1795dc8fdf9fc01f7f6e0de0c5b588d6a35abd2f00b6a65d2be?s=96&d=mm&r=g","url":"https:\/\/secure.gravatar.com\/avatar\/2dfb47fe8ef5e1795dc8fdf9fc01f7f6e0de0c5b588d6a35abd2f00b6a65d2be?s=96&d=mm&r=g","height":96,"width":96}},"publisher":{"@type":"Organization","name":"fawo.cz","logo":{"@type":"ImageObject","@id":"\/logo.png","url":"\/logo.png","width":600,"height":60}},"image":{"@type":"ImageObject","@id":"https:\/\/www.fawo.cz\/wp-content\/uploads\/ee_10_10_10_10_10_10_10_2.jpg","url":"https:\/\/www.fawo.cz\/wp-content\/uploads\/ee_10_10_10_10_10_10_10_2.jpg","height":0,"width":0},"wordCount":631,"keywords":null},{"@type":"Article","@id":"https:\/\/www.fawo.cz\/zvolte-si-barevne-typy\/","headline":"Zvolte si barevn\u00e9 typy","url":"https:\/\/www.fawo.cz\/zvolte-si-barevne-typy\/","datePublished":"2024-04-30","dateModified":"2024-04-30","mainEntityOfPage":"https:\/\/www.fawo.cz\/zvolte-si-barevne-typy\/","author":{"@type":"Person","@id":"https:\/\/www.fawo.cz\/author\/#Person","name":"","url":"https:\/\/www.fawo.cz\/author\/","identifier":1,"image":{"@type":"ImageObject","@id":"https:\/\/secure.gravatar.com\/avatar\/2dfb47fe8ef5e1795dc8fdf9fc01f7f6e0de0c5b588d6a35abd2f00b6a65d2be?s=96&d=mm&r=g","url":"https:\/\/secure.gravatar.com\/avatar\/2dfb47fe8ef5e1795dc8fdf9fc01f7f6e0de0c5b588d6a35abd2f00b6a65d2be?s=96&d=mm&r=g","height":96,"width":96}},"publisher":{"@type":"Organization","name":"fawo.cz","logo":{"@type":"ImageObject","@id":"\/logo.png","url":"\/logo.png","width":600,"height":60}},"image":null,"wordCount":236,"keywords":null},{"@type":"Article","@id":"https:\/\/www.fawo.cz\/jedinecnost-s-kazdym-obrazem\/","headline":"Jedine\u010dnost s ka\u017ed\u00fdm obrazem","url":"https:\/\/www.fawo.cz\/jedinecnost-s-kazdym-obrazem\/","datePublished":"2024-04-23","dateModified":"2024-04-23","mainEntityOfPage":"https:\/\/www.fawo.cz\/jedinecnost-s-kazdym-obrazem\/","author":{"@type":"Person","@id":"https:\/\/www.fawo.cz\/author\/#Person","name":"","url":"https:\/\/www.fawo.cz\/author\/","identifier":1,"image":{"@type":"ImageObject","@id":"https:\/\/secure.gravatar.com\/avatar\/2dfb47fe8ef5e1795dc8fdf9fc01f7f6e0de0c5b588d6a35abd2f00b6a65d2be?s=96&d=mm&r=g","url":"https:\/\/secure.gravatar.com\/avatar\/2dfb47fe8ef5e1795dc8fdf9fc01f7f6e0de0c5b588d6a35abd2f00b6a65d2be?s=96&d=mm&r=g","height":96,"width":96}},"publisher":{"@type":"Organization","name":"fawo.cz","logo":{"@type":"ImageObject","@id":"\/logo.png","url":"\/logo.png","width":600,"height":60}},"image":null,"wordCount":304,"keywords":null},{"@type":"Article","@id":"https:\/\/www.fawo.cz\/kompletni-pece\/","headline":"Kompletn\u00ed p\u00e9\u010de","url":"https:\/\/www.fawo.cz\/kompletni-pece\/","datePublished":"2024-04-17","dateModified":"2024-04-17","mainEntityOfPage":"https:\/\/www.fawo.cz\/kompletni-pece\/","author":{"@type":"Person","@id":"https:\/\/www.fawo.cz\/author\/#Person","name":"","url":"https:\/\/www.fawo.cz\/author\/","identifier":1,"image":{"@type":"ImageObject","@id":"https:\/\/secure.gravatar.com\/avatar\/2dfb47fe8ef5e1795dc8fdf9fc01f7f6e0de0c5b588d6a35abd2f00b6a65d2be?s=96&d=mm&r=g","url":"https:\/\/secure.gravatar.com\/avatar\/2dfb47fe8ef5e1795dc8fdf9fc01f7f6e0de0c5b588d6a35abd2f00b6a65d2be?s=96&d=mm&r=g","height":96,"width":96}},"publisher":{"@type":"Organization","name":"fawo.cz","logo":{"@type":"ImageObject","@id":"\/logo.png","url":"\/logo.png","width":600,"height":60}},"image":null,"wordCount":288,"keywords":null},{"@type":"Article","@id":"https:\/\/www.fawo.cz\/zestihlujici-pobyty-regeneracni-pobyty-a-spousta-jinych-jsou-tu-i-pro-vas\/","headline":"Ze\u0161t\u00edhluj\u00edc\u00ed pobyty, regenera\u010dn\u00ed pobyty a spousta jin\u00fdch jsou tu i pro v\u00e1s!","url":"https:\/\/www.fawo.cz\/zestihlujici-pobyty-regeneracni-pobyty-a-spousta-jinych-jsou-tu-i-pro-vas\/","datePublished":"2024-04-07","dateModified":"2024-04-07","mainEntityOfPage":"https:\/\/www.fawo.cz\/zestihlujici-pobyty-regeneracni-pobyty-a-spousta-jinych-jsou-tu-i-pro-vas\/","author":{"@type":"Person","@id":"https:\/\/www.fawo.cz\/author\/#Person","name":"","url":"https:\/\/www.fawo.cz\/author\/","identifier":1,"image":{"@type":"ImageObject","@id":"https:\/\/secure.gravatar.com\/avatar\/2dfb47fe8ef5e1795dc8fdf9fc01f7f6e0de0c5b588d6a35abd2f00b6a65d2be?s=96&d=mm&r=g","url":"https:\/\/secure.gravatar.com\/avatar\/2dfb47fe8ef5e1795dc8fdf9fc01f7f6e0de0c5b588d6a35abd2f00b6a65d2be?s=96&d=mm&r=g","height":96,"width":96}},"publisher":{"@type":"Organization","name":"fawo.cz","logo":{"@type":"ImageObject","@id":"\/logo.png","url":"\/logo.png","width":600,"height":60}},"image":null,"wordCount":273,"keywords":null}]},{"@context":"https:\/\/schema.org","@type":"WebSite","@id":"https:\/\/www.fawo.cz\/#website","name":"Fawo","url":"https:\/\/www.fawo.cz","potentialAction":{"@type":"SearchAction","target":"https:\/\/www.fawo.cz\/?s={search_term_string}","query-input":"required name=search_term_string"}}]