[{"@context":"https:\/\/schema.org\/","@type":"Article","@id":"https:\/\/www.fawo.cz\/peci-o-plet-v-zime-nepodcenujte\/#Article","mainEntityOfPage":"https:\/\/www.fawo.cz\/peci-o-plet-v-zime-nepodcenujte\/","headline":"P\u00e9\u010di o ple\u0165 v zim\u011b nepodce\u0148ujte","name":"P\u00e9\u010di o ple\u0165 v zim\u011b nepodce\u0148ujte","description":"Zimn\u00ed obdob\u00ed je pro ple\u0165 velmi zat\u011b\u017ek\u00e1vac\u00ed zkou\u0161kou, proto byste m\u011bla sv\u00e9 pleti v\u011bnovat zv\u00fd\u0161enou pozornost a p\u00e9\u010di. Poko\u017eka je&hellip;","datePublished":"2023-06-24","dateModified":"2024-06-26","author":{"@type":"Person","@id":"https:\/\/www.fawo.cz\/author\/#Person","name":"","url":"https:\/\/www.fawo.cz\/author\/","identifier":1,"image":{"@type":"ImageObject","@id":"https:\/\/secure.gravatar.com\/avatar\/2dfb47fe8ef5e1795dc8fdf9fc01f7f6e0de0c5b588d6a35abd2f00b6a65d2be?s=96&d=mm&r=g","url":"https:\/\/secure.gravatar.com\/avatar\/2dfb47fe8ef5e1795dc8fdf9fc01f7f6e0de0c5b588d6a35abd2f00b6a65d2be?s=96&d=mm&r=g","height":96,"width":96}},"publisher":{"@type":"Organization","name":"fawo.cz","logo":{"@type":"ImageObject","@id":"\/logo.png","url":"\/logo.png","width":600,"height":60}},"url":"https:\/\/www.fawo.cz\/peci-o-plet-v-zime-nepodcenujte\/","wordCount":220,"articleBody":"Zimn\u00ed obdob\u00ed je pro ple\u0165 velmi zat\u011b\u017ek\u00e1vac\u00ed zkou\u0161kou, proto byste m\u011bla sv\u00e9 pleti v\u011bnovat zv\u00fd\u0161enou pozornost a p\u00e9\u010di. Poko\u017eka je v tomto obdob\u00ed podstatn\u011b su\u0161\u0161\u00ed, podr\u00e1\u017ed\u011bn\u011bj\u0161\u00ed, drsn\u011bj\u0161\u00ed a m\u016f\u017ee nep\u0159\u00edjemn\u011b sv\u011bdit. Z tohoto d\u016fvodu je t\u0159eba pou\u017e\u00edvat kosmetiku s jin\u00fdm slo\u017een\u00edm ne\u017e v jin\u00fdch ro\u010dn\u00edch obdob\u00edch. Kosmetika CHRISTINA V\u00e1m nab\u00edz\u00ed \u0161irokou \u0161k\u00e1lu v\u00fdrobk\u016f, kter\u00e9 jsou sv\u00fdm slo\u017een\u00edm vhodn\u00e9 pro chladn\u00e9 po\u010das\u00ed. Chcete-li se informovat o nab\u00eddce produkt\u016f \u010di slu\u017eeb, informujte n\u00e1s pomoc\u00ed emailu nebo kontaktujte spolupracuj\u00edc\u00ed salony.\tProfesion\u00e1ln\u00ed programy p\u00e9\u010de o ple\u0165Programy p\u00e9\u010de o ple\u0165 CHRISTINA jsou koncipov\u00e1ny tak, aby \u0159e\u0161ily okam\u017eit\u00e9 i trval\u00e9 pot\u0159eby pleti. K tomu slou\u017e\u00ed 11 profesion\u00e1ln\u00edch \u0159ad a nav\u00edc 200 dal\u0161\u00edch produkt\u016f, kter\u00e9 jsou ur\u010deny pro dom\u00e1c\u00ed pou\u017eit\u00ed, abyste k\u00fd\u017een\u00e9ho v\u00fdsledku doc\u00edlili v co nejkrat\u0161\u00edm mo\u017en\u00e9m \u010dase. Nav\u0161tivte n\u011bkter\u00fd z na\u0161ich spolupracuj\u00edc\u00edch salon\u016f, kde V\u00e1m provedou p\u0159esnou diagnostiku pleti a doporu\u010d\u00ed o\u0161et\u0159en\u00ed \u201ena m\u00edru\u201c. Seznam spolupracuj\u00edc\u00edch salon\u016f naleznete na na\u0161ich webov\u00fdch str\u00e1nk\u00e1ch.                                                                                                                                                                                                                                                                                                                                                                                                "},{"@context":"https:\/\/schema.org\/","@type":"BreadcrumbList","itemListElement":[{"@type":"ListItem","position":1,"name":"P\u00e9\u010di o ple\u0165 v zim\u011b nepodce\u0148ujte","item":"https:\/\/www.fawo.cz\/peci-o-plet-v-zime-nepodcenujte\/#breadcrumbitem"}]}]