[{"@context":"https:\/\/schema.org\/","@type":"Article","@id":"https:\/\/www.fawo.cz\/s-vekem-prichazi-nemoc\/#Article","mainEntityOfPage":"https:\/\/www.fawo.cz\/s-vekem-prichazi-nemoc\/","headline":"S v\u011bkem p\u0159ich\u00e1z\u00ed nemoc","name":"S v\u011bkem p\u0159ich\u00e1z\u00ed nemoc","description":"Porazili jsme spoustu nemoc\u00ed a s n\u011bkter\u00fdmi jsme zam\u00e1vali tak, \u017ee se u\u017e nav\u017edy vytratily. A dob\u0159e jim tak. M\u016f\u017eeme&hellip;","datePublished":"2024-02-15","dateModified":"2024-05-29","author":{"@type":"Person","@id":"https:\/\/www.fawo.cz\/author\/#Person","name":"","url":"https:\/\/www.fawo.cz\/author\/","identifier":1,"image":{"@type":"ImageObject","@id":"https:\/\/secure.gravatar.com\/avatar\/2dfb47fe8ef5e1795dc8fdf9fc01f7f6e0de0c5b588d6a35abd2f00b6a65d2be?s=96&d=mm&r=g","url":"https:\/\/secure.gravatar.com\/avatar\/2dfb47fe8ef5e1795dc8fdf9fc01f7f6e0de0c5b588d6a35abd2f00b6a65d2be?s=96&d=mm&r=g","height":96,"width":96}},"publisher":{"@type":"Organization","name":"fawo.cz","logo":{"@type":"ImageObject","@id":"\/logo.png","url":"\/logo.png","width":600,"height":60}},"image":{"@type":"ImageObject","@id":"https:\/\/www.fawo.cz\/wp-content\/uploads\/bedroom_bed_wall_decoration.jpg","url":"https:\/\/www.fawo.cz\/wp-content\/uploads\/bedroom_bed_wall_decoration.jpg","height":0,"width":0},"url":"https:\/\/www.fawo.cz\/s-vekem-prichazi-nemoc\/","about":["Produkty"],"wordCount":454,"articleBody":"        Porazili jsme spoustu nemoc\u00ed a s n\u011bkter\u00fdmi jsme zam\u00e1vali tak, \u017ee se u\u017e nav\u017edy vytratily. A dob\u0159e jim tak. M\u016f\u017eeme b\u00fdt tedy v\u011bdc\u016fm vd\u011b\u010dni, proto\u017ee ty byli a jsou pr\u00e1v\u011b oni, kdo zavelel k boji a kdo n\u00e1m zachr\u00e1nili \u017eivoty. A tak\u00e9 d\u00edky jim si um\u00edme poradit s v\u011bcmi, kter\u00e9 sice p\u0159\u00edmo nezab\u00edjej\u00ed, ale ur\u010dit\u011b n\u00e1m ni\u010d\u00ed poklidn\u00fd \u017eivot. My se pod\u00edv\u00e1me na jednu, kter\u00e1 \u017eere nervy star\u0161\u00edm p\u00e1n\u016fm a kte\u0159\u00ed kv\u016fli toho nesp\u00ed a nej\u00ed. Jak jist\u011b v\u00edme, n\u011bjak\u00e1 ta choroba se v\u017edy n\u011bkdy n\u011bkde ukr\u00fdv\u00e1. A na\u0161em p\u0159\u00edpad\u011b za\u00fato\u010dila naprosto ne\u010dekan\u011b a z\u00e1ke\u0159n\u011b. P\u00e1n to v\u016fbec ne\u010dekal, ale \u0159ekneme si up\u0159\u00edmn\u011b, kdyby se ob\u010das pou\u010dil o sv\u00e9m t\u011ble, nebyl by tak nep\u0159\u00edjemn\u011b zasko\u010den. Proto\u017ee v\u011bt\u0161ina mu\u017e\u016f v\u00ed, \u017ee aktivn\u00ed sexu\u00e1ln\u00ed \u017eivot jednou skon\u010d\u00ed, a to pr\u00e1v\u011b onou nemoc\u00ed. Ten, kdo to v\u00ed, bere v\u011bc s p\u0159ehledem, proto\u017ee to o\u010dek\u00e1val, a tak jen s\u00e1hne po l\u00e9ku a je to. Ten, kdo to v\u0161ak ne\u010dekal a nev\u00ed o\u010d kr\u00e1\u010d\u00ed mus\u00ed b\u00fdt t\u00edmto nezdarem v lo\u017enici p\u011bkn\u011b vynervovan\u00fd. Zbyte\u010dn\u011b. V ur\u010dit\u00e9m v\u011bku \u0159eknou hormony sbohem a odporou\u010dej\u00ed se plnit jin\u00e9 \u00fakoly. T\u00edm p\u00e1dem nedojde k erekci jako dosud a p\u00e1n je z toho dokonale na v\u011btvi. P\u0159i opakov\u00e1n\u00ed pokusu za dva \u010di t\u0159i dny se samoz\u0159ejm\u011b stane tot\u00e9\u017e, a to u\u017e je pro neznal\u00e9ho mu\u017ee na pov\u00e1\u017eenou. Nev\u00ed kudy kam, nev\u00ed co d\u00e1l, nemluv\u00ed o tom a je na\u0161tvan\u00fd na cel\u00fd sv\u011bt. P\u0159itom by se p\u0159inejmen\u0161\u00edm sv\u00e9 partnerce sv\u011b\u0159it m\u011bl, proto\u017ee se j\u00ed to t\u00fdk\u00e1 nejv\u00edce. A t\u0159eba to bude zrovna ona, kdo p\u0159ijde s n\u00e1padem koupit mu\u017ei Viagru. Ta je p\u0159\u00edmo ur\u010den\u00e1 k l\u00e9\u010db\u011b erektivn\u00ed dysfunkce, jak se tato nemoc naz\u00fdv\u00e1. Jen\u017ee je tu jeden mali\u010dk\u00fd h\u00e1\u010dek. Viagra prodej nen\u00ed povolen. Tedy jen tak bez receptu. Mu\u017e mus\u00ed absolvovat vy\u0161et\u0159en\u00ed u l\u00e9ka\u0159e, aby se vylou\u010dily n\u00e1sledn\u00e9 komplikace. Ale stejn\u011b to p\u00e1nov\u00e9 podce\u0148uj\u00ed a ka\u0161lou na to. Proto\u017ee by stejn\u011b ne\u0161li ani do l\u00e9k\u00e1rny, tak si po\u0159\u00edd\u00ed n\u011bjak\u00fd jin\u00fd l\u00e9k, kter\u00fd voln\u011b k prodeji je a m\u00e1 stejn\u00e9 nebo je\u0161t\u011b lep\u0161\u00ed \u00fa\u010dinky.                                                                                                                                                                                                                                                                                                                                                                                                   "},{"@context":"https:\/\/schema.org\/","@type":"BreadcrumbList","itemListElement":[{"@type":"ListItem","position":1,"name":"S v\u011bkem p\u0159ich\u00e1z\u00ed nemoc","item":"https:\/\/www.fawo.cz\/s-vekem-prichazi-nemoc\/#breadcrumbitem"}]}]