[{"@context":"https:\/\/schema.org\/","@type":"Article","@id":"https:\/\/www.fawo.cz\/v-cem-se-chodi-do-prirody\/#Article","mainEntityOfPage":"https:\/\/www.fawo.cz\/v-cem-se-chodi-do-prirody\/","headline":"V \u010dem se chod\u00ed do p\u0159\u00edrody?","name":"V \u010dem se chod\u00ed do p\u0159\u00edrody?","description":"Kdy\u017e se u n\u00e1s vyd\u00e1v\u00e1me n\u011bkam mezi lidi, a\u017e na skute\u010dn\u011b vz\u00e1cn\u00e9 v\u00fdjimky nezapom\u00edn\u00e1me na to, abychom se obuli. Prost\u011b&hellip;","datePublished":"2022-10-12","dateModified":"2023-05-03","author":{"@type":"Person","@id":"https:\/\/www.fawo.cz\/author\/#Person","name":"","url":"https:\/\/www.fawo.cz\/author\/","identifier":1,"image":{"@type":"ImageObject","@id":"https:\/\/secure.gravatar.com\/avatar\/2dfb47fe8ef5e1795dc8fdf9fc01f7f6e0de0c5b588d6a35abd2f00b6a65d2be?s=96&d=mm&r=g","url":"https:\/\/secure.gravatar.com\/avatar\/2dfb47fe8ef5e1795dc8fdf9fc01f7f6e0de0c5b588d6a35abd2f00b6a65d2be?s=96&d=mm&r=g","height":96,"width":96}},"publisher":{"@type":"Organization","name":"fawo.cz","logo":{"@type":"ImageObject","@id":"\/logo.png","url":"\/logo.png","width":600,"height":60}},"image":{"@type":"ImageObject","@id":"https:\/\/www.fawo.cz\/wp-content\/uploads\/boty_na_horach_04CByd.jpg","url":"https:\/\/www.fawo.cz\/wp-content\/uploads\/boty_na_horach_04CByd.jpg","height":0,"width":0},"url":"https:\/\/www.fawo.cz\/v-cem-se-chodi-do-prirody\/","about":["Produkty"],"wordCount":424,"articleBody":"     Kdy\u017e se u n\u00e1s vyd\u00e1v\u00e1me n\u011bkam mezi lidi, a\u017e na skute\u010dn\u011b vz\u00e1cn\u00e9 v\u00fdjimky nezapom\u00edn\u00e1me na to, abychom se obuli. Prost\u011b v\u00edme, \u017ee se mezi lidi nechod\u00ed bez bot, nechceme-li vypadat extravagantn\u011b nebo hloup\u011b. A zpravidla se v takov\u00fdch situac\u00edch nejen obujeme, ale tak\u00e9 si vybereme typ obuvi, kter\u00fd je v onom konkr\u00e9tn\u00edm p\u0159\u00edpad\u011b vy\u017eadov\u00e1n nebo p\u0159inejmen\u0161\u00edm akceptov\u00e1n. To d\u00e1 p\u0159ece rozum, \u017ee se neustroj\u00edme a neobujeme tak, aby n\u00e1s ostatn\u00ed m\u011bli za bl\u00e1zny.  Jen\u017ee kdy\u017e vyr\u00e1\u017e\u00edme n\u011bkam do p\u0159\u00edrody, nejednou v ot\u00e1zce obut\u00ed chybujeme. N\u011bkdy v\u00edce a n\u011bkdy m\u00e9n\u011b, ale chybujeme. V takov\u00e9 chv\u00edli se samoz\u0159ejm\u011b sice tak\u00e9 obujeme, ale \u010dasto podcen\u00edme situaci. A potom na to m\u016f\u017eeme lehce doplatit. Ur\u010dit\u011b si domysl\u00edte, jak to n\u011bkde v p\u0159\u00edrod\u011b m\u016f\u017ee vypadat. Cesty zde b\u00fdvaj\u00ed \u010dasto kamenit\u00e9, podm\u00e1\u010den\u00e9 a jenom t\u011b\u017eko sch\u016fdn\u00e9, v lese se n\u00e1m mohou kl\u00e1st do cesty nejr\u016fzn\u011bj\u0161\u00ed p\u0159ek\u00e1\u017eky, na hor\u00e1ch to chce obut\u00ed, ve kter\u00e9m se n\u00e1m t\u0159eba nesesmekne noha atd. A kdy\u017e se pak obujeme nevhodn\u011b, sice si nebude na toto na\u0161e obut\u00ed st\u011b\u017eovat p\u0159\u00edroda, ale my sami ano.  Proto\u017ee n\u00e1m m\u016f\u017ee b\u00fdt ve \u0161patn\u00fdch bot\u00e1ch zima, m\u016f\u017eeme si do nich nabrat vodu, mohou tla\u010dit, podkluzovat. Prost\u011b mohou b\u00fdt nepraktick\u00e9 a probl\u00e9my s ch\u016fz\u00ed ter\u00e9nem p\u0159in\u00e1\u0161ej\u00edc\u00ed. A kdy\u017e pak m\u00e1me kr\u00e1\u010det krajinou del\u0161\u00ed dobu, je pochopiteln\u00e9, \u017ee se ve \u0161patn\u00fdch bot\u00e1ch nec\u00edt\u00edme dob\u0159e a takov\u00fd pobyt venku si neu\u017eijeme. A kdo si ho naopak u\u017eije? P\u0159ece ti, kdo vsad\u00ed na trekov\u00e9 boty. Proto\u017ee ty jsou pr\u00e1v\u011b tou obuv\u00ed, jakou lid\u00e9 v p\u0159\u00edrod\u011b nej\u010dast\u011bji a nejv\u00edce ocen\u00ed. Tyto boty jsou pohodln\u00e9 a bezpe\u010dn\u00e9, v t\u011bch jsou nohy v\u017edycky jako v bavlnce. Prost\u011b je radost si je obout a chodit v nich. Ani v tom nejnehostinn\u011bj\u0161\u00edm ter\u00e9nu n\u00e1s nezklamou. A proto by z\u0159ejm\u011b ani v\u00e1m nem\u011bla podobn\u00e1 obuv ve va\u0161\u00ed v\u00fdbav\u011b sch\u00e1zet. Proto\u017ee vyjdete-li ven z m\u011bsta v t\u00e9to, bude jako ona pov\u011bstn\u00e1 poctivost. Se kterou se stejn\u011b jako s t\u011bmito botami nejd\u00e1l dojde.                                                                                                                                                                                                                                                                                                                                                                                                 "},{"@context":"https:\/\/schema.org\/","@type":"BreadcrumbList","itemListElement":[{"@type":"ListItem","position":1,"name":"V \u010dem se chod\u00ed do p\u0159\u00edrody?","item":"https:\/\/www.fawo.cz\/v-cem-se-chodi-do-prirody\/#breadcrumbitem"}]}]