[{"@context":"https:\/\/schema.org\/","@type":"Article","@id":"https:\/\/www.fawo.cz\/zahrada-jako-chovna-louka\/#Article","mainEntityOfPage":"https:\/\/www.fawo.cz\/zahrada-jako-chovna-louka\/","headline":"Zahrada jako chovn\u00e1 louka","name":"Zahrada jako chovn\u00e1 louka","description":"Hned zpo\u010d\u00e1tku bychom se m\u011bli polo\u017eit na ot\u00e1zku, zdali je to v\u016fbec jako zahrada. Pokud si oplot\u00edte pozemek a budete&hellip;","datePublished":"2024-08-29","dateModified":"2024-08-29","author":{"@type":"Person","@id":"https:\/\/www.fawo.cz\/author\/#Person","name":"","url":"https:\/\/www.fawo.cz\/author\/","identifier":1,"image":{"@type":"ImageObject","@id":"https:\/\/secure.gravatar.com\/avatar\/2dfb47fe8ef5e1795dc8fdf9fc01f7f6e0de0c5b588d6a35abd2f00b6a65d2be?s=96&d=mm&r=g","url":"https:\/\/secure.gravatar.com\/avatar\/2dfb47fe8ef5e1795dc8fdf9fc01f7f6e0de0c5b588d6a35abd2f00b6a65d2be?s=96&d=mm&r=g","height":96,"width":96}},"publisher":{"@type":"Organization","name":"fawo.cz","logo":{"@type":"ImageObject","@id":"\/logo.png","url":"\/logo.png","width":600,"height":60}},"image":{"@type":"ImageObject","@id":"https:\/\/www.fawo.cz\/wp-content\/uploads\/sheep-5566602_640.jpg","url":"https:\/\/www.fawo.cz\/wp-content\/uploads\/sheep-5566602_640.jpg","height":0,"width":0},"url":"https:\/\/www.fawo.cz\/zahrada-jako-chovna-louka\/","about":["Zahrada a d\u016fm"],"wordCount":426,"articleBody":"Hned zpo\u010d\u00e1tku bychom se m\u011bli polo\u017eit na ot\u00e1zku, zdali je to v\u016fbec jako zahrada. Pokud si oplot\u00edte pozemek a budete na n\u011bm chovat nap\u0159\u00edklad ovce, jist\u011b tomu zahrada nikdo ne\u0159ekne. Ale pokud bude pln\u00e1 z\u00e1hon\u016f s kv\u011bty a mezi nimi jen p\u00e1r ohrad, bude to st\u00e1le je\u0161t\u011b zahrada? No, dobr\u00e1, toto t\u00e9ma tedy opust\u00edme budeme pou\u017e\u00edvat v\u00fdraz zahrada, t\u0159eba\u017ee se tomu v n\u011bkter\u00fdch p\u0159\u00edpadech bude \u0159\u00edkat jinak. Nu\u017ee, pokud chcete m\u00edt ze zahrady u\u017eitek, nebude kv\u011btinov\u00e1, ale u\u017eitkov\u00e1. Budou tam t\u0159eba brambory, okurky nebo sal\u00e1t. Tak n\u00e1m to p\u0159inese u\u017eitek a tak\u00e9 \u00fasporu pen\u011bz. Nehled\u00edme tedy na kr\u00e1su, ale na to, abychom z toho n\u011bco m\u011bli.V tomto p\u0159\u00edpad\u011b, pokud je pozemek dostate\u010dn\u011b velk\u00fd lze jist\u011b za\u010d\u00edt p\u0159em\u00fd\u0161let o chovu n\u011bjak\u00e9 zv\u011b\u0159e. Klidn\u011b z\u016fstaneme u ovc\u00ed, kter\u00e9 jsou na Morav\u011b naprosto b\u011b\u017enou v\u011bc\u00ed za ka\u017ed\u00fdm domem na vesnici. Pokud um\u00edte ud\u011blat bytelnou ohr\u00e1dku, m\u016f\u017eete m\u00edt klidn\u011b chov men\u0161\u00edho st\u00e1da a mezi t\u00edm ostr\u016fvky kv\u011btin. Ohr\u00e1dka k nim v\u0161ak mus\u00ed b\u00fdt byteln\u00e1 a dvoj\u00ed. To proto, aby ove\u010dky nedos\u00e1hly na kv\u011bty. Ov\u0161em je t\u0159eba vz\u00edt v \u00favahu, \u017ee se t\u00edm \u0161id\u00edte o kus zem\u011b s tr\u00e1vou, kter\u00e1 je pro ovce vlastn\u011b tou z\u00e1kladn\u00ed potravou. P\u011bstovat lze ov\u0161em i men\u0161\u00ed zv\u00ed\u0159ata.Kde je dost vody, pokud mo\u017eno tekouc\u00ed, lze m\u00edt nutrie, v mal\u00e9m v\u00fdb\u011bhu t\u0159eba slepi\u010dky, nebo tak\u00e9 cokoli jin\u00e9ho, co p\u0159inese jak\u00fdkoli u\u017eitek. I kdy\u017e toto slovo nemus\u00ed b\u00fdt nutn\u011b spojeno jen s chovem zv\u00ed\u0159at. Co tak \u00faroda ze strom\u016f? Koupit nap\u0159\u00edklad durancie nam\u00edsto \u010derviv\u00fdch \u0161vestek a zava\u0159ovat je. Jen tro\u0161ku, samoz\u0159ejm\u011b, zbytek mus\u00ed j\u00edt do kvasu na slivovici, a to je potom v zim\u011b po\u017eite\u010dek. Lehce do \u0161tamprli\u010dky, pod\u00edvat proti slun\u00ed\u010dku, a dlouze p\u0159ivon\u011bt. Teprve pak to do sebe na dvakr\u00e1t \u0161oupnout. Mus\u00ed h\u0159\u00e1t a\u017e dole v \u017ealudku a nesm\u00ed p\u00e1lit v krku. Jinak nen\u00ed dobr\u00e1. Pokud m\u00e1te jablon\u011b a o jejich plody nestoj\u00edte, pak jsou ovce nam\u00edst\u011b, proto\u017ee ony se o n\u011b r\u00e1dy postaraj\u00ed.\u00a0                                                                                                                                                                                                                                                                                                                                                                                                "},{"@context":"https:\/\/schema.org\/","@type":"BreadcrumbList","itemListElement":[{"@type":"ListItem","position":1,"name":"Zahrada jako chovn\u00e1 louka","item":"https:\/\/www.fawo.cz\/zahrada-jako-chovna-louka\/#breadcrumbitem"}]}]