[{"@context":"https:\/\/schema.org\/","@type":"Article","@id":"https:\/\/www.fawo.cz\/zeny-o-sebe-musi-pecovat\/#Article","mainEntityOfPage":"https:\/\/www.fawo.cz\/zeny-o-sebe-musi-pecovat\/","headline":"\u017deny o sebe mus\u00ed pe\u010dovat","name":"\u017deny o sebe mus\u00ed pe\u010dovat","description":"Ka\u017ed\u00e1 \u017eena by o sebe m\u011bla pravideln\u011b pe\u010dovat, chodit na manik\u00faru a pedik\u00faru, proto\u017ee ka\u017ed\u00e1 \u017eena prost\u011b po tomhle sn\u00ed.&hellip;","datePublished":"2024-08-30","dateModified":"2024-08-30","author":{"@type":"Person","@id":"https:\/\/www.fawo.cz\/author\/#Person","name":"","url":"https:\/\/www.fawo.cz\/author\/","identifier":1,"image":{"@type":"ImageObject","@id":"https:\/\/secure.gravatar.com\/avatar\/2dfb47fe8ef5e1795dc8fdf9fc01f7f6e0de0c5b588d6a35abd2f00b6a65d2be?s=96&d=mm&r=g","url":"https:\/\/secure.gravatar.com\/avatar\/2dfb47fe8ef5e1795dc8fdf9fc01f7f6e0de0c5b588d6a35abd2f00b6a65d2be?s=96&d=mm&r=g","height":96,"width":96}},"publisher":{"@type":"Organization","name":"fawo.cz","logo":{"@type":"ImageObject","@id":"\/logo.png","url":"\/logo.png","width":600,"height":60}},"image":{"@type":"ImageObject","@id":"https:\/\/www.fawo.cz\/wp-content\/uploads\/istockphoto-1339228907-612x612_2.jpg","url":"https:\/\/www.fawo.cz\/wp-content\/uploads\/istockphoto-1339228907-612x612_2.jpg","height":0,"width":0},"url":"https:\/\/www.fawo.cz\/zeny-o-sebe-musi-pecovat\/","about":["\u017dena"],"wordCount":431,"articleBody":"Ka\u017ed\u00e1 \u017eena by o sebe m\u011bla pravideln\u011b pe\u010dovat, chodit na manik\u00faru a pedik\u00faru, proto\u017ee ka\u017ed\u00e1 \u017eena prost\u011b po tomhle sn\u00ed. Ur\u010dit\u011b mnoho \u017een, kter\u00e9 t\u0159eba maj\u00ed v\u00edce pen\u011bz, vid\u00edte, kolikr\u00e1t kr\u00e1sn\u011b dbaj\u00ed o sv\u016fj vzhled, jak maj\u00ed kr\u00e1sn\u00e9 nehty a vlasy, proto\u017ee na to hlavn\u011b maj\u00ed. V\u0161echno je prost\u011b jenom o pen\u011bz\u00edch, proto\u017ee \u010d\u00edm v\u00edc \u010dlov\u011bk m\u00e1 pen\u011bz, t\u00edm v\u00edc si toho m\u016f\u017ee dovolit, a to je velk\u00e1 radost. Ty \u017eeny jsou pak v\u00edce sebev\u011bdom\u00e9, ak\u010dn\u00ed a odoln\u00e9 v\u016f\u010di stresu, proto\u017ee jsou zvykl\u00e9 o sebe pe\u010dovat. J\u00e1 jsem ale nikdy takov\u00e1 nebyla, proto\u017ee jsem v\u017edycky byla sp\u00ed\u0161e skromn\u011bj\u0161\u00ed.Samoz\u0159ejm\u011b se mi to stra\u0161n\u011b l\u00edbilo, kdy\u017e jsem vid\u011bla n\u011bjakou \u017eenu, kter\u00e1 byla kr\u00e1sn\u011b upraven\u00e1, a tro\u0161ku jsem j\u00ed i z\u00e1vid\u011bla, ale j\u00e1 jsem na to nikdy nebyla. Mysl\u00edm si, \u017ee to je pr\u00e1v\u011b t\u00edm, \u017ee m\u011b rodi\u010de nikdy po\u0159\u00e1dn\u011b k tomu nevedli nebo na to ani nebyli zvykl\u00ed, proto\u017ee ani moje mamka, ani moje sourozenci nikde takhle nechodili po kosmetik\u00e1ch a r\u016fzn\u00fdch atraktivn\u00edch obchodech, aby se upravovali. Mysl\u00edm si, \u017ee to m\u00e1m jen d\u00edky tomu, \u017ee jsem k tomu nebyla veden\u00e1. Ale samoz\u0159ejm\u011b na druhou stranu si tak\u00e9 \u0159\u00edk\u00e1m, \u017ee to nen\u00ed jen o tom, \u017ee v\u00e1s k tomu vedli rodi\u010de, ale t\u0159eba ty holky, jak vyrostou, najednou zjist\u00ed, \u017ee o sebe cht\u011bj\u00ed pe\u010dovat mnohem v\u00edc ne\u017e jejich rodi\u010de. N\u011bkte\u0159\u00ed mu\u017ei to t\u0159eba i na \u017een\u00e1ch vy\u017eaduj\u00ed, \u017ee cht\u011bj\u00ed, aby byly kr\u00e1sn\u011b upraven\u00e9 a aby se udr\u017eovaly, proto\u017ee n\u011bkte\u0159\u00ed mu\u017ei to prost\u011b nedok\u00e1\u017eou skousnout, \u017ee by jejich \u017eena nebyla upraven\u00e1 nebo \u017ee by nebyla na pedik\u00fa\u0159e, manik\u00fa\u0159e \u010di u kade\u0159n\u00edka. Rozhodn\u011b ale ka\u017ed\u00e1 \u017eena mus\u00ed v\u011bd\u011bt, co od \u017eivota o\u010dek\u00e1v\u00e1. J\u00e1 jsem takov\u00e1 nikdy nebyla, v\u017edycky jsem se sp\u00ed\u0161e upravovala sama, ale m\u016f\u017eu v\u00e1m \u0159\u00edct, \u017ee bych cht\u011bla vyzkou\u0161et t\u0159eba j\u00edt na pedik\u00faru, proto\u017ee jsem na n\u00ed nikdy nebyla, ale mysl\u00edm si, \u017ee to m\u016f\u017ee b\u00fdt v tu chv\u00edli velice zaj\u00edmav\u00e9. Na druhou stranu, kdy\u017e se ale uprav\u00edte pro sebe, tak to je takt\u00e9\u017e velmi zaj\u00edmav\u00e9.\u00a0                                                                                                                                                                                                                                                                                                                                                                                                "},{"@context":"https:\/\/schema.org\/","@type":"BreadcrumbList","itemListElement":[{"@type":"ListItem","position":1,"name":"\u017deny o sebe mus\u00ed pe\u010dovat","item":"https:\/\/www.fawo.cz\/zeny-o-sebe-musi-pecovat\/#breadcrumbitem"}]}]